{"id":4795,"date":"2017-03-24T10:16:36","date_gmt":"2017-03-24T09:16:36","guid":{"rendered":"http:\/\/www.cataloniahotels.com\/es\/blog\/?p=4795"},"modified":"2025-10-19T18:43:21","modified_gmt":"2025-10-19T16:43:21","slug":"mercadillos-en-ibiza","status":"publish","type":"post","link":"https:\/\/blog.cataloniahotels.com\/es\/mercadillos-en-ibiza","title":{"rendered":"Mercadillos en Ibiza imprescindibles"},"content":{"rendered":"<p>Ibiza es uno de esos lugares que gozan de una vida y ambiente especiales pr\u00e1cticamente en cualquier \u00e9poca del a\u00f1o. <strong>Es cierto que el verano es su estaci\u00f3n estrella, pero la primavera, el oto\u00f1o o incluso el inverno tambi\u00e9n brindan al visitante un abanico de opciones tur\u00edsticas<\/strong>, lugares a visitar y cosas que hacer en Ibiza.<\/p>\n<p>No es de extra\u00f1ar que miles de ciudadanos de distintos pa\u00edses europeos y de todo el mundo, la escojan como escenario de sus vacaciones. <strong>En temporada estival, las razones est\u00e1n m\u00e1s que justificadas: sol, playa, un ambiente incomparable y unos paisajes de ensue\u00f1o.<\/strong> Pero la verdad es que no dejan de estarlo llegado el invierno, aunque por lo general, los visitantes suelan optar por algo m\u00e1s de tranquilidad al escoger sus actividades en Ibiza.<\/p>\n<p>Una de las opciones favoritas tanto durante los meses de calor como cuando el clima adopta su versi\u00f3n m\u00e1s templada, son las rutas por los mercadillos callejeros de Ibiza. Si te apetece darle un toque especial a tus vacaciones y adem\u00e1s traerte alg\u00fan bonito recuerdo de la isla, toma nota porque <strong>vamos a contarte cu\u00e1les son los mejores rastrillos de Ibiza y d\u00f3nde se sit\u00faa cada uno<\/strong>.<\/p>\n<h2>Los mejores mercadillos en Ibiza<\/h2>\n<ul>\n<li>\n<h3>Mercadillo Nocturno de las Dalias:<\/h3>\n<\/li>\n<\/ul>\n<p>Hablamos de uno de los mercadillos de verano de Ibiza m\u00e1s populares y c\u00e9lebres. Situado en los alrededores del famoso Restaurante las Dalias, al lado de la localidad de San Carlos, este mercado artesanal abre sus puestos al p\u00fablico los lunes y martes de verano entre las 19h y las 13h de la madrugada. En agosto, tambi\u00e9n es posible visitarlo los domingos y es frecuente poder disfrutar de m\u00fasica en directo mientras nos distraemos realizando unas compras.<\/p>\n<ul>\n<li>\n<h3>Mercado de San Rafael:<\/h3>\n<\/li>\n<\/ul>\n<p>En este caso, son los jueves de junio a septiembre cuando podemos disfrutar de los productos artesanales y los preciosos dise\u00f1os en cer\u00e1mica que nos ofrece este mercado. Ubicado en el pueblo de San Rafael, justo en el centro de la isla, el Mercado artesanal de San Rafael tiene un horario de apertura que va desde las 19 h hasta las 23:30 h.<\/p>\n<ul>\n<li>\n<h3>Mercadillo Sant Jordi:<\/h3>\n<\/li>\n<\/ul>\n<p>Esta vez m\u00e1s que de un mercadillo hippie, hablamos de un mercado callejero de productos de segunda mano. El Mercadillo de Sant Jordi es uno de los que pueden visitarse a lo largo de todo el a\u00f1o, los s\u00e1bados por la ma\u00f1ana. Situado en el municipio que le da nombre, en el hip\u00f3dromo de la localidad, es uno de los rastrillos m\u00e1s grandes de la isla y en \u00e9l es posible encontrar pr\u00e1cticamente cualquier producto. Eso s\u00ed, no olvidemos que por lo general, todo lo que se vende all\u00ed son bienes de segunda mano.<\/p>\n<ul>\n<li>\n<h3>Mercadillo de Forada:<\/h3>\n<\/li>\n<\/ul>\n<p>En pleno aparcamiento del <strong>Can Tixedo Art Caf\u00e9<\/strong>, pr\u00f3ximo a la localidad de San Rafael, el Mercado de Forada es otro de los rastrillos que se montan en la isla durante todo el a\u00f1o. Concretamente, los s\u00e1bados por lo ma\u00f1ana es posible encontrar en \u00e9l una gran variedad de productos locales, obras de arte elaboradas por artistas ibicencos, perfumes, cosm\u00e9tica o incluso actuaciones musicales o representaciones de poes\u00eda de artistas procedentes de distintos pa\u00edses del mundo.<\/p>\n<ul>\n<li>\n<h3>Mercadillo de San Juan:<\/h3>\n<\/li>\n<\/ul>\n<p>Uno de los m\u00e1s populares y otro de los que est\u00e1n disponibles sea cual sea la estaci\u00f3n del a\u00f1o que escojas para viajar a la isla. Todos los domingos de 10h a 16 h, el centro del pueblo de San Juan se viste de gala para ofrecer su mejor artesan\u00eda y productos locales al visitante. Un verdadero muestrario de la mejor gastronom\u00eda, souvenirs o ropa t\u00edpica para todos aquellos que quieran traerse un bonito recuerdo local pero no sepa bien que comprar en Ibiza. Un simple paseo por sus puestos y os aseguramos que dif\u00edcilmente no os marchar\u00e9is con la bolsa llena.<\/p>\n<ul>\n<li>\n<h3>Mercado de Cala Llonga:<\/h3>\n<\/li>\n<\/ul>\n<p>Desde el mes de mayo y hasta octubre, el peque\u00f1o pueblo de Cala Llonga monta en su paseo un bonito mercadillo callejero todos los jueves por la tarde. En este caso, s\u00ed hablar\u00edamos del t\u00edpico mercadillo hippie, donde pueden encontrarse una gran variedad de accesorios hechos a mano u originales complementos propios de la moda ibicenca. Seguramente, se trate de la mejor opci\u00f3n para aquellos que busquen realizar unas compras junto a la playa desde que dej\u00f3 de montarse el tambi\u00e9n c\u00e9lebre rastrillo de Cala Le\u00f1a.<\/p>\n<ul>\n<li>\n<h3>Mercadillo hippie de Punta Arab\u00ed:<\/h3>\n<\/li>\n<\/ul>\n<p>Naci\u00f3 hace m\u00e1s de 30 a\u00f1os como una serie de puestos, propiedad del <strong>Club Punta Arab\u00ed<\/strong>, que busc\u00f3 otra fuente de ingresos mediante un rastrillo hippie de productos artesanales. Desde entonces, ha sido todo un \u00e9xito, vi\u00e9ndose aumentado por encima de los 500 stands y recibiendo a miles y miles de visitantes a\u00f1o tras a\u00f1o. Sin duda, una de esas cosas que hay que ver en Ibiza si se visita la isla durante los meses que van desde Abril hasta Octubre. En este caso adem\u00e1s, es posible hacerlo a desde por la ma\u00f1ana hasta que empieza a oscurecer.<\/p>\n<ul>\n<li>\n<h3>Mercadillo navide\u00f1o de Vara de Rey:<\/h3>\n<\/li>\n<\/ul>\n<p>Junto al de <strong>Las Dalias<\/strong>, se trata del mejor mercadillo navide\u00f1o de Ibiza. Una muestra m\u00e1s de que tambi\u00e9n en invierno, merece la pena disfrutar Ibiza de d\u00eda y de noche. Normalmente se celebra en la plaza de Vara de Rey, aunque en el a\u00f1o 2016 se traslad\u00f3 a la <strong>Plaza Antoni Alper I Nieto<\/strong> por las obras debido a las obras en su emplazamiento habitual. Una parada obligatoria si decides <a href=\"https:\/\/www.cataloniahotels.com\/es\/blog\/donde-viajar-en-diciembre-en-europa\/\">viajar a Ibiza en Navidad<\/a>.<\/p>\n<p>Despu\u00e9s de saber que existen estos mercadillos podemos planificar aun mejor nuestra ruta tur\u00edstica por Ibiza. A parte de todos los mercadillos, podr\u00e1s disfrutar de todos los atractivos de la isla, as\u00ed que solo queda escoger tu hotel en Ibiza y empezar a pensar qu\u00e9 art\u00edculo podr\u00e1s encontrar en estos apasionantes mercadillos.<\/p>\n","protected":false},"excerpt":{"rendered":"<p>Ibiza es uno de esos lugares que gozan de una vida y ambiente especiales pr\u00e1cticamente en cualquier \u00e9poca del a\u00f1o. Es cierto que el verano es su estaci\u00f3n estrella, pero la primavera, el oto\u00f1o o incluso el inverno tambi\u00e9n brindan al visitante un abanico de opciones tur\u00edsticas, lugares a visitar y cosas que hacer en [&hellip;]<\/p>\n","protected":false},"author":2,"featured_media":4796,"comment_status":"open","ping_status":"open","sticky":false,"template":"","format":"standard","meta":{"_acf_changed":false,"footnotes":""},"categories":[1],"tags":[],"destino":[1398,1375,1405],"tipo-contenido":[],"tipo-de-plan":[1546,1544],"class_list":["post-4795","post","type-post","status-publish","format-standard","has-post-thumbnail","hentry","category-sin-categorizar","destino-espana","destino-europa","destino-ibiza","tipo-de-plan-compras","tipo-de-plan-lugares-de-interes"],"acf":[],"yoast_head":"<!-- This site is optimized with the Yoast SEO plugin v27.4 - https:\/\/yoast.com\/product\/yoast-seo-wordpress\/ -->\n<title>Mercadillos en Ibiza imprescindibles | Gu\u00eda de Viajes | Catalonia Hotels &amp; Resorts<\/title>\n<meta name=\"description\" content=\"Ibiza es uno de esos lugares que gozan de una vida y ambiente especiales pr\u00e1cticamente en cualquier \u00e9poca del a\u00f1o. Descubre los mercadillos en Ibiza.\" \/>\n<meta name=\"robots\" content=\"index, follow, max-snippet:-1, max-image-preview:large, max-video-preview:-1\" \/>\n<link rel=\"canonical\" href=\"https:\/\/blog.cataloniahotels.com\/es\/mercadillos-en-ibiza\" \/>\n<meta property=\"og:locale\" content=\"es_ES\" \/>\n<meta property=\"og:type\" content=\"article\" \/>\n<meta property=\"og:title\" content=\"Mercadillos en Ibiza imprescindibles | Gu\u00eda de Viajes | Catalonia Hotels &amp; Resorts\" \/>\n<meta property=\"og:description\" content=\"Ibiza es uno de esos lugares que gozan de una vida y ambiente especiales pr\u00e1cticamente en cualquier \u00e9poca del a\u00f1o. Descubre los mercadillos en Ibiza.\" \/>\n<meta property=\"og:url\" content=\"https:\/\/blog.cataloniahotels.com\/es\/mercadillos-en-ibiza\" \/>\n<meta property=\"og:site_name\" content=\"Gu\u00eda de Viajes | Catalonia Hotels &amp; Resorts\" \/>\n<meta property=\"article:published_time\" content=\"2017-03-24T09:16:36+00:00\" \/>\n<meta property=\"article:modified_time\" content=\"2025-10-19T16:43:21+00:00\" \/>\n<meta property=\"og:image\" content=\"http:\/\/blog-adm.cataloniahotels.com\/wp-content\/uploads\/2017\/03\/mercadillos-en-ibiza.jpg\" \/>\n\t<meta property=\"og:image:width\" content=\"960\" \/>\n\t<meta property=\"og:image:height\" content=\"640\" \/>\n\t<meta property=\"og:image:type\" content=\"image\/jpeg\" \/>\n<meta name=\"author\" content=\"editor-catalonia\" \/>\n<meta name=\"twitter:label1\" content=\"Written by\" \/>\n\t<meta name=\"twitter:data1\" content=\"editor-catalonia\" \/>\n\t<meta name=\"twitter:label2\" content=\"Est. reading time\" \/>\n\t<meta name=\"twitter:data2\" content=\"5 minutes\" \/>\n<!-- \/ Yoast SEO plugin. -->","yoast_head_json":{"title":"Mercadillos en Ibiza imprescindibles | Gu\u00eda de Viajes | Catalonia Hotels &amp; Resorts","description":"Ibiza es uno de esos lugares que gozan de una vida y ambiente especiales pr\u00e1cticamente en cualquier \u00e9poca del a\u00f1o. Descubre los mercadillos en Ibiza.","robots":{"index":"index","follow":"follow","max-snippet":"max-snippet:-1","max-image-preview":"max-image-preview:large","max-video-preview":"max-video-preview:-1"},"canonical":"https:\/\/blog.cataloniahotels.com\/es\/mercadillos-en-ibiza","og_locale":"es_ES","og_type":"article","og_title":"Mercadillos en Ibiza imprescindibles | Gu\u00eda de Viajes | Catalonia Hotels &amp; Resorts","og_description":"Ibiza es uno de esos lugares que gozan de una vida y ambiente especiales pr\u00e1cticamente en cualquier \u00e9poca del a\u00f1o. Descubre los mercadillos en Ibiza.","og_url":"https:\/\/blog.cataloniahotels.com\/es\/mercadillos-en-ibiza","og_site_name":"Gu\u00eda de Viajes | Catalonia Hotels &amp; Resorts","article_published_time":"2017-03-24T09:16:36+00:00","article_modified_time":"2025-10-19T16:43:21+00:00","og_image":[{"width":960,"height":640,"url":"http:\/\/blog-adm.cataloniahotels.com\/wp-content\/uploads\/2017\/03\/mercadillos-en-ibiza.jpg","type":"image\/jpeg"}],"author":"editor-catalonia","twitter_misc":{"Written by":"editor-catalonia","Est. reading time":"5 minutes"},"schema":{"@context":"https:\/\/schema.org","@graph":[{"@type":"Article","@id":"https:\/\/blog.cataloniahotels.com\/es\/mercadillos-en-ibiza#article","isPartOf":{"@id":"https:\/\/blog.cataloniahotels.com\/es\/mercadillos-en-ibiza"},"author":{"name":"editor-catalonia","@id":"https:\/\/blog.cataloniahotels.com\/es\/#\/schema\/person\/ec034e31b0e56fe3611368299f663202"},"headline":"Mercadillos en Ibiza imprescindibles","datePublished":"2017-03-24T09:16:36+00:00","dateModified":"2025-10-19T16:43:21+00:00","mainEntityOfPage":{"@id":"https:\/\/blog.cataloniahotels.com\/es\/mercadillos-en-ibiza"},"wordCount":1032,"commentCount":0,"publisher":{"@id":"https:\/\/blog.cataloniahotels.com\/es\/#organization"},"image":{"@id":"https:\/\/blog.cataloniahotels.com\/es\/mercadillos-en-ibiza#primaryimage"},"thumbnailUrl":"https:\/\/blog.cataloniahotels.com\/wp-content\/uploads\/2017\/03\/mercadillos-en-ibiza.jpg","articleSection":["Sin categorizar"],"inLanguage":"es","potentialAction":[{"@type":"CommentAction","name":"Comment","target":["https:\/\/blog.cataloniahotels.com\/es\/mercadillos-en-ibiza#respond"]}]},{"@type":"WebPage","@id":"https:\/\/blog.cataloniahotels.com\/es\/mercadillos-en-ibiza","url":"https:\/\/blog.cataloniahotels.com\/es\/mercadillos-en-ibiza","name":"Mercadillos en Ibiza imprescindibles | Gu\u00eda de Viajes | Catalonia Hotels &amp; Resorts","isPartOf":{"@id":"https:\/\/blog.cataloniahotels.com\/es\/#website"},"primaryImageOfPage":{"@id":"https:\/\/blog.cataloniahotels.com\/es\/mercadillos-en-ibiza#primaryimage"},"image":{"@id":"https:\/\/blog.cataloniahotels.com\/es\/mercadillos-en-ibiza#primaryimage"},"thumbnailUrl":"https:\/\/blog.cataloniahotels.com\/wp-content\/uploads\/2017\/03\/mercadillos-en-ibiza.jpg","datePublished":"2017-03-24T09:16:36+00:00","dateModified":"2025-10-19T16:43:21+00:00","description":"Ibiza es uno de esos lugares que gozan de una vida y ambiente especiales pr\u00e1cticamente en cualquier \u00e9poca del a\u00f1o. Descubre los mercadillos en Ibiza.","breadcrumb":{"@id":"https:\/\/blog.cataloniahotels.com\/es\/mercadillos-en-ibiza#breadcrumb"},"inLanguage":"es","potentialAction":[{"@type":"ReadAction","target":["https:\/\/blog.cataloniahotels.com\/es\/mercadillos-en-ibiza"]}]},{"@type":"ImageObject","inLanguage":"es","@id":"https:\/\/blog.cataloniahotels.com\/es\/mercadillos-en-ibiza#primaryimage","url":"https:\/\/blog.cataloniahotels.com\/wp-content\/uploads\/2017\/03\/mercadillos-en-ibiza.jpg","contentUrl":"https:\/\/blog.cataloniahotels.com\/wp-content\/uploads\/2017\/03\/mercadillos-en-ibiza.jpg","width":960,"height":640,"caption":"mercadillos en ibiza"},{"@type":"BreadcrumbList","@id":"https:\/\/blog.cataloniahotels.com\/es\/mercadillos-en-ibiza#breadcrumb","itemListElement":[{"@type":"ListItem","position":1,"name":"Gu\u00eda de viajes","item":"https:\/\/blog.cataloniahotels.com\/es"},{"@type":"ListItem","position":2,"name":"Europa","item":"https:\/\/blog.cataloniahotels.com\/es\/destino\/europa"},{"@type":"ListItem","position":3,"name":"Espa\u00f1a","item":"https:\/\/blog.cataloniahotels.com\/es\/destino\/europa\/espana"},{"@type":"ListItem","position":4,"name":"Ibiza","item":"https:\/\/blog.cataloniahotels.com\/es\/destino\/europa\/espana\/ibiza"},{"@type":"ListItem","position":5,"name":"Mercadillos en Ibiza imprescindibles"}]},{"@type":"WebSite","@id":"https:\/\/blog.cataloniahotels.com\/es\/#website","url":"https:\/\/blog.cataloniahotels.com\/es\/","name":"Gu\u00eda de Viajes | Catalonia Hotels &amp; Resorts","description":"","publisher":{"@id":"https:\/\/blog.cataloniahotels.com\/es\/#organization"},"potentialAction":[{"@type":"SearchAction","target":{"@type":"EntryPoint","urlTemplate":"https:\/\/blog.cataloniahotels.com\/es\/?s={search_term_string}"},"query-input":{"@type":"PropertyValueSpecification","valueRequired":true,"valueName":"search_term_string"}}],"inLanguage":"es"},{"@type":"Organization","@id":"https:\/\/blog.cataloniahotels.com\/es\/#organization","name":"Gu\u00eda de Viajes | Catalonia Hotels &amp; Resorts","url":"https:\/\/blog.cataloniahotels.com\/es\/","logo":{"@type":"ImageObject","inLanguage":"es","@id":"https:\/\/blog.cataloniahotels.com\/es\/#\/schema\/logo\/image\/","url":"https:\/\/blog.cataloniahotels.com\/wp-content\/uploads\/2024\/12\/logo-catalonia.svg","contentUrl":"https:\/\/blog.cataloniahotels.com\/wp-content\/uploads\/2024\/12\/logo-catalonia.svg","width":254,"height":32,"caption":"Gu\u00eda de Viajes | Catalonia Hotels &amp; Resorts"},"image":{"@id":"https:\/\/blog.cataloniahotels.com\/es\/#\/schema\/logo\/image\/"}},{"@type":"Person","@id":"https:\/\/blog.cataloniahotels.com\/es\/#\/schema\/person\/ec034e31b0e56fe3611368299f663202","name":"editor-catalonia","image":{"@type":"ImageObject","inLanguage":"es","@id":"https:\/\/secure.gravatar.com\/avatar\/42f4adf688459380682260003339bfa9891c6b75067a69dffb4795458478b321?s=96&d=mm&r=g","url":"https:\/\/secure.gravatar.com\/avatar\/42f4adf688459380682260003339bfa9891c6b75067a69dffb4795458478b321?s=96&d=mm&r=g","contentUrl":"https:\/\/secure.gravatar.com\/avatar\/42f4adf688459380682260003339bfa9891c6b75067a69dffb4795458478b321?s=96&d=mm&r=g","caption":"editor-catalonia"}}]}},"_links":{"self":[{"href":"https:\/\/blog.cataloniahotels.com\/es\/wp-json\/wp\/v2\/posts\/4795","targetHints":{"allow":["GET"]}}],"collection":[{"href":"https:\/\/blog.cataloniahotels.com\/es\/wp-json\/wp\/v2\/posts"}],"about":[{"href":"https:\/\/blog.cataloniahotels.com\/es\/wp-json\/wp\/v2\/types\/post"}],"author":[{"embeddable":true,"href":"https:\/\/blog.cataloniahotels.com\/es\/wp-json\/wp\/v2\/users\/2"}],"replies":[{"embeddable":true,"href":"https:\/\/blog.cataloniahotels.com\/es\/wp-json\/wp\/v2\/comments?post=4795"}],"version-history":[{"count":5,"href":"https:\/\/blog.cataloniahotels.com\/es\/wp-json\/wp\/v2\/posts\/4795\/revisions"}],"predecessor-version":[{"id":8677,"href":"https:\/\/blog.cataloniahotels.com\/es\/wp-json\/wp\/v2\/posts\/4795\/revisions\/8677"}],"wp:featuredmedia":[{"embeddable":true,"href":"https:\/\/blog.cataloniahotels.com\/es\/wp-json\/wp\/v2\/media\/4796"}],"wp:attachment":[{"href":"https:\/\/blog.cataloniahotels.com\/es\/wp-json\/wp\/v2\/media?parent=4795"}],"wp:term":[{"taxonomy":"category","embeddable":true,"href":"https:\/\/blog.cataloniahotels.com\/es\/wp-json\/wp\/v2\/categories?post=4795"},{"taxonomy":"post_tag","embeddable":true,"href":"https:\/\/blog.cataloniahotels.com\/es\/wp-json\/wp\/v2\/tags?post=4795"},{"taxonomy":"destino","embeddable":true,"href":"https:\/\/blog.cataloniahotels.com\/es\/wp-json\/wp\/v2\/destino?post=4795"},{"taxonomy":"tipo-contenido","embeddable":true,"href":"https:\/\/blog.cataloniahotels.com\/es\/wp-json\/wp\/v2\/tipo-contenido?post=4795"},{"taxonomy":"tipo-de-plan","embeddable":true,"href":"https:\/\/blog.cataloniahotels.com\/es\/wp-json\/wp\/v2\/tipo-de-plan?post=4795"}],"curies":[{"name":"wp","href":"https:\/\/api.w.org\/{rel}","templated":true}]}}